{"id":7301,"date":"2026-03-02T16:45:27","date_gmt":"2026-03-02T15:45:27","guid":{"rendered":"https:\/\/www.ffrdiabete.org\/?p=7301"},"modified":"2026-03-19T17:39:29","modified_gmt":"2026-03-19T16:39:29","slug":"pret1d-screening-earlier-acting-fairer-regarding-type-1-diabetes","status":"publish","type":"post","link":"https:\/\/www.ffrdiabete.org\/en\/pret1d-screening-earlier-acting-fairer-regarding-type-1-diabetes\/","title":{"rendered":"PR\u00caT1D at the SFD Congress: press conference on Wednesday April 1 at 12:00!"},"content":{"rendered":"<p style=\"text-align: center;\"><span style=\"color: #143877; font-family: Calibri, sans-serif; font-size: large;\"><strong><img loading=\"lazy\" decoding=\"async\" class=\"aligncenter wp-image-7059\" src=\"https:\/\/www.ffrdiabete.org\/wp-content\/uploads\/2025\/12\/PRET1D_Logo2-1024x683.png\" alt=\"\" width=\"324\" height=\"216\" srcset=\"https:\/\/www.ffrdiabete.org\/wp-content\/uploads\/2025\/12\/PRET1D_Logo2-1024x683.png 1024w, https:\/\/www.ffrdiabete.org\/wp-content\/uploads\/2025\/12\/PRET1D_Logo2-300x200.png 300w, https:\/\/www.ffrdiabete.org\/wp-content\/uploads\/2025\/12\/PRET1D_Logo2-768x512.png 768w, https:\/\/www.ffrdiabete.org\/wp-content\/uploads\/2025\/12\/PRET1D_Logo2.png 1536w\" sizes=\"auto, (max-width: 324px) 100vw, 324px\" \/>PR\u00caT1D -National screening and management project for presymptomatic type 1 diabetes<\/strong><\/span><\/p>\n<p>&nbsp;<\/p>\n<div>\n<div><\/div>\n<div style=\"text-align: center;\"><span style=\"color: #143877; font-family: Calibri, sans-serif; font-size: large;\"><strong>PRESS CONFERENCE<\/strong><\/span><\/div>\n<div>\n<p class=\"p1\" style=\"text-align: center;\"><strong>Wednesday April 1 2026 at 12:00<\/strong><br \/>\nSFD Congress in Lyon &#8211; Room Rh\u00f4ne 3, Level 1<\/p>\n<p>&nbsp;<\/p>\n<p>The <em><strong>PR\u00caT1D study<\/strong><\/em>, <strong>supported by the Francophone Foundation for Diabetes Research<\/strong> (FFRD), is pleased to invite you to its <strong>very first press conferene<\/strong>!<\/p>\n<p>&nbsp;<\/p>\n<div>\n<div style=\"text-align: center;\"><span style=\"color: #143877; font-family: Calibri, sans-serif; font-size: large;\"><strong>Detect earlier, act smarter against type 1 diabetes!<\/strong><\/span><\/div>\n<div>\n<p>&nbsp;<\/p>\n<p>Type 1 diabetes (T1D) is an autoimmune disease affecting approximately 200,000 people in France, with an incidence increasing by 3 to 4% each year. Today, T1D is most often diagnosed in an emergency setting, even though it can be anticipated several years before symptoms appear. This early identification enables better management, improves prognosis, and provides access to innovative treatments capable of delaying the need for insulin therapy. Such early diagnosis is based on a simple blood test measuring autoantibodies.   <\/p>\n<p>The national <em><strong>PR\u00caT1D<\/strong><\/em> project aims to facilitate early screening among relatives of people living with type 1 diabetes through an innovative approach: at-home screening using self-collected capillary samples, a structured access and follow-up pathway supported by a digital health platform, and the generation of scientific data to document the clinical and health-economic value of this new care pathway. The ambition is clear: to transform a sudden emergency into a condition that can be anticipated and properly managed. <\/p>\n<\/div>\n<\/div>\n<div>\n<div>\n<p>&nbsp;<\/p>\n<div style=\"text-align: center;\"><span style=\"color: #143877; font-family: Calibri, sans-serif; font-size: large;\"><strong>ON THE AGENDA!<\/strong><\/span><\/div>\n<\/div>\n<div>\n<div>\n<p>&nbsp;<\/p>\n<p><strong>12:00 &#8211; 12:10<\/strong> : Welcome and introduction: understanding DT1 and the importance of screening &#8211; <em>Pr Charles Thivolet, Hospices Civils de Lyon, Lyon<\/em><\/p>\n<p><strong>12:10 &#8211; 12:18<\/strong> : Difficulties and opportunities: the PR\u00caT1D project &#8211; <em>Pr Roberto Mallone, H\u00f4pital Cochin, Paris<\/em><\/p>\n<p><strong>12:18 &#8211; 12:26 <\/strong>: A digital platform for early detection and monitoring of T1D &#8211; <em>Pr Jacques Beltrand, H\u00f4pital Necker, Paris<\/em><\/p>\n<p><strong>12:26 &#8211; 12:40 <\/strong>: A multi-partner collaboration<\/p>\n<ul>\n<li>The patients associations:<\/li>\n<\/ul>\n<p style=\"padding-left: 40px;\"><em>Dr Marc De Kerdanet, Pr\u00e9sident, Aide aux Jeunes Diab\u00e9tiques (AJD)<\/em><\/p>\n<p style=\"padding-left: 40px;\"><em><em>Dr Jean-Fran\u00e7ois Thebaut, Vice-Pr\u00e9sdient, F\u00e9d\u00e9ration Fran\u00e7asie des Diab\u00e9tiques<\/em><\/em><\/p>\n<ul>\n<li>The SFDT1 cohort : <em>Mme Laura Sablone, SFDT1<\/em><\/li>\n<\/ul>\n<p><strong>12:40 &#8211; 13:00 <\/strong>: Questions\/Answers session &#8211; <em>Moderated by Dr G\u00e9rard Lambert, physician and science journalist at Len Axis<\/em><\/p>\n<\/div>\n<\/div>\n<\/div>\n<p>&nbsp;<\/p>\n<p><a href=\"mailto:maelys.loh@u-paris.fr\" target=\"_blank\" rel=\"noopener\"><strong>FOR MORE INFORMATION<\/strong><\/a><\/p>\n<\/div>\n<\/div>\n<p>&nbsp;<\/p>\n<p>&nbsp;<\/p>\n<div>\n<div>\n<div>\n<div>\n<div>\n<div>\n<div style=\"text-align: center;\"><span style=\"color: #143877; font-family: Calibri, sans-serif; font-size: large;\"><strong>INVESTIGATORS&#8217; MEETING<br \/>\nWednesday April 1 2026 at 01:00 PM<br \/>\n SFD Congress in Lyon &#8211; Room Rh\u00f4ne 3, Level 1<br \/>\n<\/strong><\/span><\/div>\n<div>\n<p>&nbsp;<\/p>\n<p class=\"p1\"><strong>On the agenda<\/strong>: logistical overview of the program, progress update on its implementation, and transition from the INNODIA Detect pilot phase to <em><strong>PR\u00caT1D<\/strong><\/em><\/p>\n<\/div>\n<\/div>\n<div>\n<div>\n<div>\n<div>\n<div>\n<div>\n<div>\n<p>&nbsp;<\/p>\n<div>\n<p style=\"text-align: left;\"><a href=\"mailto:DT1.depistage.cch@aphp.fr\" target=\"_blank\" rel=\"noopener\"><strong>FOR MORE INFORMATION<\/strong><\/a><\/p>\n<\/div>\n<\/div>\n<\/div>\n<\/div>\n<\/div>\n<\/div>\n<\/div>\n<\/div>\n<\/div>\n<\/div>\n<\/div>\n<\/div>\n<\/div>\n<p>&nbsp;<\/p>\n","protected":false},"excerpt":{"rendered":"<p>PR\u00caT1D -National screening and management project for presymptomatic type 1 diabetes &nbsp; PRESS CONFERENCE Wednesday April 1 2026 at 12:00 SFD Congress in Lyon &#8211; Room Rh\u00f4ne 3, Level 1 &nbsp; The PR\u00caT1D study, supported by the Francophone Foundation for Diabetes Research (FFRD), is pleased to invite you to its very first press conferene! &nbsp;&hellip;<\/p>\n","protected":false},"author":2,"featured_media":7325,"comment_status":"closed","ping_status":"closed","sticky":false,"template":"","format":"standard","meta":{"_acf_changed":false,"footnotes":""},"categories":[1],"tags":[],"class_list":["post-7301","post","type-post","status-publish","format-standard","has-post-thumbnail","hentry","category-non-classifiee","category-1","description-off"],"acf":[],"yoast_head":"<!-- This site is optimized with the Yoast SEO plugin v27.4 - https:\/\/yoast.com\/product\/yoast-seo-wordpress\/ -->\n<title>PR\u00caT1D at the SFD Congress: press conference on Wednesday April 1 at 12:00! - Fondation Francophone pour la Recherche sur le Diab\u00e8te - FFRD<\/title>\n<meta name=\"robots\" content=\"index, follow, max-snippet:-1, max-image-preview:large, max-video-preview:-1\" \/>\n<link rel=\"canonical\" href=\"https:\/\/www.ffrdiabete.org\/en\/pret1d-screening-earlier-acting-fairer-regarding-type-1-diabetes\/\" \/>\n<meta property=\"og:locale\" content=\"en_US\" \/>\n<meta property=\"og:type\" content=\"article\" \/>\n<meta property=\"og:title\" content=\"PR\u00caT1D at the SFD Congress: press conference on Wednesday April 1 at 12:00! - Fondation Francophone pour la Recherche sur le Diab\u00e8te - FFRD\" \/>\n<meta property=\"og:description\" content=\"PR\u00caT1D -National screening and management project for presymptomatic type 1 diabetes &nbsp; PRESS CONFERENCE Wednesday April 1 2026 at 12:00 SFD Congress in Lyon &#8211; Room Rh\u00f4ne 3, Level 1 &nbsp; The PR\u00caT1D study, supported by the Francophone Foundation for Diabetes Research (FFRD), is pleased to invite you to its very first press conferene! &nbsp;&hellip;\" \/>\n<meta property=\"og:url\" content=\"https:\/\/www.ffrdiabete.org\/en\/pret1d-screening-earlier-acting-fairer-regarding-type-1-diabetes\/\" \/>\n<meta property=\"og:site_name\" content=\"Fondation Francophone pour la Recherche sur le Diab\u00e8te - FFRD\" \/>\n<meta property=\"article:published_time\" content=\"2026-03-02T15:45:27+00:00\" \/>\n<meta property=\"article:modified_time\" content=\"2026-03-19T16:39:29+00:00\" \/>\n<meta property=\"og:image\" content=\"https:\/\/www.ffrdiabete.org\/wp-content\/uploads\/2026\/03\/Capture-decran-2026-03-19-a-16.44.59.png\" \/>\n\t<meta property=\"og:image:width\" content=\"1494\" \/>\n\t<meta property=\"og:image:height\" content=\"980\" \/>\n\t<meta property=\"og:image:type\" content=\"image\/png\" \/>\n<meta name=\"author\" content=\"St\u00e9phanie NOUGARET\" \/>\n<meta name=\"twitter:card\" content=\"summary_large_image\" \/>\n<meta name=\"twitter:creator\" content=\"@FondationFFRD\" \/>\n<meta name=\"twitter:site\" content=\"@FondationFFRD\" \/>\n<meta name=\"twitter:label1\" content=\"Written by\" \/>\n\t<meta name=\"twitter:data1\" content=\"St\u00e9phanie NOUGARET\" \/>\n\t<meta name=\"twitter:label2\" content=\"Est. reading time\" \/>\n\t<meta name=\"twitter:data2\" content=\"4 minutes\" \/>\n<script type=\"application\/ld+json\" class=\"yoast-schema-graph\">{\"@context\":\"https:\\\/\\\/schema.org\",\"@graph\":[{\"@type\":\"Article\",\"@id\":\"https:\\\/\\\/www.ffrdiabete.org\\\/en\\\/pret1d-screening-earlier-acting-fairer-regarding-type-1-diabetes\\\/#article\",\"isPartOf\":{\"@id\":\"https:\\\/\\\/www.ffrdiabete.org\\\/en\\\/pret1d-screening-earlier-acting-fairer-regarding-type-1-diabetes\\\/\"},\"author\":{\"name\":\"St\u00e9phanie NOUGARET\",\"@id\":\"https:\\\/\\\/www.ffrdiabete.org\\\/en\\\/#\\\/schema\\\/person\\\/011078a0c444e305b94c3b4630b66d8c\"},\"headline\":\"PR\u00caT1D at the SFD Congress: press conference on Wednesday April 1 at 12:00!\",\"datePublished\":\"2026-03-02T15:45:27+00:00\",\"dateModified\":\"2026-03-19T16:39:29+00:00\",\"mainEntityOfPage\":{\"@id\":\"https:\\\/\\\/www.ffrdiabete.org\\\/en\\\/pret1d-screening-earlier-acting-fairer-regarding-type-1-diabetes\\\/\"},\"wordCount\":402,\"publisher\":{\"@id\":\"https:\\\/\\\/www.ffrdiabete.org\\\/en\\\/#organization\"},\"image\":{\"@id\":\"https:\\\/\\\/www.ffrdiabete.org\\\/en\\\/pret1d-screening-earlier-acting-fairer-regarding-type-1-diabetes\\\/#primaryimage\"},\"thumbnailUrl\":\"https:\\\/\\\/www.ffrdiabete.org\\\/wp-content\\\/uploads\\\/2026\\\/03\\\/Presse-micro.jpg\",\"articleSection\":[\"Non classifi\u00e9(e)\"],\"inLanguage\":\"en-US\"},{\"@type\":\"WebPage\",\"@id\":\"https:\\\/\\\/www.ffrdiabete.org\\\/en\\\/pret1d-screening-earlier-acting-fairer-regarding-type-1-diabetes\\\/\",\"url\":\"https:\\\/\\\/www.ffrdiabete.org\\\/en\\\/pret1d-screening-earlier-acting-fairer-regarding-type-1-diabetes\\\/\",\"name\":\"PR\u00caT1D at the SFD Congress: press conference on Wednesday April 1 at 12:00! - Fondation Francophone pour la Recherche sur le Diab\u00e8te - FFRD\",\"isPartOf\":{\"@id\":\"https:\\\/\\\/www.ffrdiabete.org\\\/en\\\/#website\"},\"primaryImageOfPage\":{\"@id\":\"https:\\\/\\\/www.ffrdiabete.org\\\/en\\\/pret1d-screening-earlier-acting-fairer-regarding-type-1-diabetes\\\/#primaryimage\"},\"image\":{\"@id\":\"https:\\\/\\\/www.ffrdiabete.org\\\/en\\\/pret1d-screening-earlier-acting-fairer-regarding-type-1-diabetes\\\/#primaryimage\"},\"thumbnailUrl\":\"https:\\\/\\\/www.ffrdiabete.org\\\/wp-content\\\/uploads\\\/2026\\\/03\\\/Presse-micro.jpg\",\"datePublished\":\"2026-03-02T15:45:27+00:00\",\"dateModified\":\"2026-03-19T16:39:29+00:00\",\"breadcrumb\":{\"@id\":\"https:\\\/\\\/www.ffrdiabete.org\\\/en\\\/pret1d-screening-earlier-acting-fairer-regarding-type-1-diabetes\\\/#breadcrumb\"},\"inLanguage\":\"en-US\",\"potentialAction\":[{\"@type\":\"ReadAction\",\"target\":[\"https:\\\/\\\/www.ffrdiabete.org\\\/en\\\/pret1d-screening-earlier-acting-fairer-regarding-type-1-diabetes\\\/\"]}]},{\"@type\":\"ImageObject\",\"inLanguage\":\"en-US\",\"@id\":\"https:\\\/\\\/www.ffrdiabete.org\\\/en\\\/pret1d-screening-earlier-acting-fairer-regarding-type-1-diabetes\\\/#primaryimage\",\"url\":\"https:\\\/\\\/www.ffrdiabete.org\\\/wp-content\\\/uploads\\\/2026\\\/03\\\/Presse-micro.jpg\",\"contentUrl\":\"https:\\\/\\\/www.ffrdiabete.org\\\/wp-content\\\/uploads\\\/2026\\\/03\\\/Presse-micro.jpg\",\"width\":2000,\"height\":1333},{\"@type\":\"BreadcrumbList\",\"@id\":\"https:\\\/\\\/www.ffrdiabete.org\\\/en\\\/pret1d-screening-earlier-acting-fairer-regarding-type-1-diabetes\\\/#breadcrumb\",\"itemListElement\":[{\"@type\":\"ListItem\",\"position\":1,\"name\":\"Accueil\",\"item\":\"https:\\\/\\\/www.ffrdiabete.org\\\/en\\\/\"},{\"@type\":\"ListItem\",\"position\":2,\"name\":\"PR\u00caT1D at the SFD Congress: press conference on Wednesday April 1 at 12:00!\"}]},{\"@type\":\"WebSite\",\"@id\":\"https:\\\/\\\/www.ffrdiabete.org\\\/en\\\/#website\",\"url\":\"https:\\\/\\\/www.ffrdiabete.org\\\/en\\\/\",\"name\":\"Fondation Francophone pour la Recherche sur le Diab\u00e8te - FFRD\",\"description\":\"Pour que la recherche sur le diab\u00e8te avance\",\"publisher\":{\"@id\":\"https:\\\/\\\/www.ffrdiabete.org\\\/en\\\/#organization\"},\"alternateName\":\"FFRD\",\"potentialAction\":[{\"@type\":\"SearchAction\",\"target\":{\"@type\":\"EntryPoint\",\"urlTemplate\":\"https:\\\/\\\/www.ffrdiabete.org\\\/en\\\/?s={search_term_string}\"},\"query-input\":{\"@type\":\"PropertyValueSpecification\",\"valueRequired\":true,\"valueName\":\"search_term_string\"}}],\"inLanguage\":\"en-US\"},{\"@type\":\"Organization\",\"@id\":\"https:\\\/\\\/www.ffrdiabete.org\\\/en\\\/#organization\",\"name\":\"Fondation Francophone pour la Recherche sur le Diab\u00e8te - FFRD\",\"alternateName\":\"FFRD\",\"url\":\"https:\\\/\\\/www.ffrdiabete.org\\\/en\\\/\",\"logo\":{\"@type\":\"ImageObject\",\"inLanguage\":\"en-US\",\"@id\":\"https:\\\/\\\/www.ffrdiabete.org\\\/en\\\/#\\\/schema\\\/logo\\\/image\\\/\",\"url\":\"https:\\\/\\\/www.ffrdiabete.org\\\/wp-content\\\/uploads\\\/2023\\\/08\\\/FFRD-logo-main-retrina.png\",\"contentUrl\":\"https:\\\/\\\/www.ffrdiabete.org\\\/wp-content\\\/uploads\\\/2023\\\/08\\\/FFRD-logo-main-retrina.png\",\"width\":462,\"height\":211,\"caption\":\"Fondation Francophone pour la Recherche sur le Diab\u00e8te - FFRD\"},\"image\":{\"@id\":\"https:\\\/\\\/www.ffrdiabete.org\\\/en\\\/#\\\/schema\\\/logo\\\/image\\\/\"},\"sameAs\":[\"https:\\\/\\\/x.com\\\/FondationFFRD\",\"https:\\\/\\\/www.linkedin.com\\\/company\\\/fondation-francophone-pour-la-recherche-sur-le-diabte---ffrd\\\/\"]},{\"@type\":\"Person\",\"@id\":\"https:\\\/\\\/www.ffrdiabete.org\\\/en\\\/#\\\/schema\\\/person\\\/011078a0c444e305b94c3b4630b66d8c\",\"name\":\"St\u00e9phanie NOUGARET\",\"image\":{\"@type\":\"ImageObject\",\"inLanguage\":\"en-US\",\"@id\":\"https:\\\/\\\/secure.gravatar.com\\\/avatar\\\/465019f2f3ec45dde981031deb150e5820e952f2838cd6adafd57dcaa95e8c4c?s=96&d=mm&r=g\",\"url\":\"https:\\\/\\\/secure.gravatar.com\\\/avatar\\\/465019f2f3ec45dde981031deb150e5820e952f2838cd6adafd57dcaa95e8c4c?s=96&d=mm&r=g\",\"contentUrl\":\"https:\\\/\\\/secure.gravatar.com\\\/avatar\\\/465019f2f3ec45dde981031deb150e5820e952f2838cd6adafd57dcaa95e8c4c?s=96&d=mm&r=g\",\"caption\":\"St\u00e9phanie NOUGARET\"}}]}<\/script>\n<!-- \/ Yoast SEO plugin. -->","yoast_head_json":{"title":"PR\u00caT1D at the SFD Congress: press conference on Wednesday April 1 at 12:00! - Fondation Francophone pour la Recherche sur le Diab\u00e8te - FFRD","robots":{"index":"index","follow":"follow","max-snippet":"max-snippet:-1","max-image-preview":"max-image-preview:large","max-video-preview":"max-video-preview:-1"},"canonical":"https:\/\/www.ffrdiabete.org\/en\/pret1d-screening-earlier-acting-fairer-regarding-type-1-diabetes\/","og_locale":"en_US","og_type":"article","og_title":"PR\u00caT1D at the SFD Congress: press conference on Wednesday April 1 at 12:00! - Fondation Francophone pour la Recherche sur le Diab\u00e8te - FFRD","og_description":"PR\u00caT1D -National screening and management project for presymptomatic type 1 diabetes &nbsp; PRESS CONFERENCE Wednesday April 1 2026 at 12:00 SFD Congress in Lyon &#8211; Room Rh\u00f4ne 3, Level 1 &nbsp; The PR\u00caT1D study, supported by the Francophone Foundation for Diabetes Research (FFRD), is pleased to invite you to its very first press conferene! &nbsp;&hellip;","og_url":"https:\/\/www.ffrdiabete.org\/en\/pret1d-screening-earlier-acting-fairer-regarding-type-1-diabetes\/","og_site_name":"Fondation Francophone pour la Recherche sur le Diab\u00e8te - FFRD","article_published_time":"2026-03-02T15:45:27+00:00","article_modified_time":"2026-03-19T16:39:29+00:00","og_image":[{"width":1494,"height":980,"url":"https:\/\/www.ffrdiabete.org\/wp-content\/uploads\/2026\/03\/Capture-decran-2026-03-19-a-16.44.59.png","type":"image\/png"}],"author":"St\u00e9phanie NOUGARET","twitter_card":"summary_large_image","twitter_creator":"@FondationFFRD","twitter_site":"@FondationFFRD","twitter_misc":{"Written by":"St\u00e9phanie NOUGARET","Est. reading time":"4 minutes"},"schema":{"@context":"https:\/\/schema.org","@graph":[{"@type":"Article","@id":"https:\/\/www.ffrdiabete.org\/en\/pret1d-screening-earlier-acting-fairer-regarding-type-1-diabetes\/#article","isPartOf":{"@id":"https:\/\/www.ffrdiabete.org\/en\/pret1d-screening-earlier-acting-fairer-regarding-type-1-diabetes\/"},"author":{"name":"St\u00e9phanie NOUGARET","@id":"https:\/\/www.ffrdiabete.org\/en\/#\/schema\/person\/011078a0c444e305b94c3b4630b66d8c"},"headline":"PR\u00caT1D at the SFD Congress: press conference on Wednesday April 1 at 12:00!","datePublished":"2026-03-02T15:45:27+00:00","dateModified":"2026-03-19T16:39:29+00:00","mainEntityOfPage":{"@id":"https:\/\/www.ffrdiabete.org\/en\/pret1d-screening-earlier-acting-fairer-regarding-type-1-diabetes\/"},"wordCount":402,"publisher":{"@id":"https:\/\/www.ffrdiabete.org\/en\/#organization"},"image":{"@id":"https:\/\/www.ffrdiabete.org\/en\/pret1d-screening-earlier-acting-fairer-regarding-type-1-diabetes\/#primaryimage"},"thumbnailUrl":"https:\/\/www.ffrdiabete.org\/wp-content\/uploads\/2026\/03\/Presse-micro.jpg","articleSection":["Non classifi\u00e9(e)"],"inLanguage":"en-US"},{"@type":"WebPage","@id":"https:\/\/www.ffrdiabete.org\/en\/pret1d-screening-earlier-acting-fairer-regarding-type-1-diabetes\/","url":"https:\/\/www.ffrdiabete.org\/en\/pret1d-screening-earlier-acting-fairer-regarding-type-1-diabetes\/","name":"PR\u00caT1D at the SFD Congress: press conference on Wednesday April 1 at 12:00! - Fondation Francophone pour la Recherche sur le Diab\u00e8te - FFRD","isPartOf":{"@id":"https:\/\/www.ffrdiabete.org\/en\/#website"},"primaryImageOfPage":{"@id":"https:\/\/www.ffrdiabete.org\/en\/pret1d-screening-earlier-acting-fairer-regarding-type-1-diabetes\/#primaryimage"},"image":{"@id":"https:\/\/www.ffrdiabete.org\/en\/pret1d-screening-earlier-acting-fairer-regarding-type-1-diabetes\/#primaryimage"},"thumbnailUrl":"https:\/\/www.ffrdiabete.org\/wp-content\/uploads\/2026\/03\/Presse-micro.jpg","datePublished":"2026-03-02T15:45:27+00:00","dateModified":"2026-03-19T16:39:29+00:00","breadcrumb":{"@id":"https:\/\/www.ffrdiabete.org\/en\/pret1d-screening-earlier-acting-fairer-regarding-type-1-diabetes\/#breadcrumb"},"inLanguage":"en-US","potentialAction":[{"@type":"ReadAction","target":["https:\/\/www.ffrdiabete.org\/en\/pret1d-screening-earlier-acting-fairer-regarding-type-1-diabetes\/"]}]},{"@type":"ImageObject","inLanguage":"en-US","@id":"https:\/\/www.ffrdiabete.org\/en\/pret1d-screening-earlier-acting-fairer-regarding-type-1-diabetes\/#primaryimage","url":"https:\/\/www.ffrdiabete.org\/wp-content\/uploads\/2026\/03\/Presse-micro.jpg","contentUrl":"https:\/\/www.ffrdiabete.org\/wp-content\/uploads\/2026\/03\/Presse-micro.jpg","width":2000,"height":1333},{"@type":"BreadcrumbList","@id":"https:\/\/www.ffrdiabete.org\/en\/pret1d-screening-earlier-acting-fairer-regarding-type-1-diabetes\/#breadcrumb","itemListElement":[{"@type":"ListItem","position":1,"name":"Accueil","item":"https:\/\/www.ffrdiabete.org\/en\/"},{"@type":"ListItem","position":2,"name":"PR\u00caT1D at the SFD Congress: press conference on Wednesday April 1 at 12:00!"}]},{"@type":"WebSite","@id":"https:\/\/www.ffrdiabete.org\/en\/#website","url":"https:\/\/www.ffrdiabete.org\/en\/","name":"Fondation Francophone pour la Recherche sur le Diab\u00e8te - FFRD","description":"Pour que la recherche sur le diab\u00e8te avance","publisher":{"@id":"https:\/\/www.ffrdiabete.org\/en\/#organization"},"alternateName":"FFRD","potentialAction":[{"@type":"SearchAction","target":{"@type":"EntryPoint","urlTemplate":"https:\/\/www.ffrdiabete.org\/en\/?s={search_term_string}"},"query-input":{"@type":"PropertyValueSpecification","valueRequired":true,"valueName":"search_term_string"}}],"inLanguage":"en-US"},{"@type":"Organization","@id":"https:\/\/www.ffrdiabete.org\/en\/#organization","name":"Fondation Francophone pour la Recherche sur le Diab\u00e8te - FFRD","alternateName":"FFRD","url":"https:\/\/www.ffrdiabete.org\/en\/","logo":{"@type":"ImageObject","inLanguage":"en-US","@id":"https:\/\/www.ffrdiabete.org\/en\/#\/schema\/logo\/image\/","url":"https:\/\/www.ffrdiabete.org\/wp-content\/uploads\/2023\/08\/FFRD-logo-main-retrina.png","contentUrl":"https:\/\/www.ffrdiabete.org\/wp-content\/uploads\/2023\/08\/FFRD-logo-main-retrina.png","width":462,"height":211,"caption":"Fondation Francophone pour la Recherche sur le Diab\u00e8te - FFRD"},"image":{"@id":"https:\/\/www.ffrdiabete.org\/en\/#\/schema\/logo\/image\/"},"sameAs":["https:\/\/x.com\/FondationFFRD","https:\/\/www.linkedin.com\/company\/fondation-francophone-pour-la-recherche-sur-le-diabte---ffrd\/"]},{"@type":"Person","@id":"https:\/\/www.ffrdiabete.org\/en\/#\/schema\/person\/011078a0c444e305b94c3b4630b66d8c","name":"St\u00e9phanie NOUGARET","image":{"@type":"ImageObject","inLanguage":"en-US","@id":"https:\/\/secure.gravatar.com\/avatar\/465019f2f3ec45dde981031deb150e5820e952f2838cd6adafd57dcaa95e8c4c?s=96&d=mm&r=g","url":"https:\/\/secure.gravatar.com\/avatar\/465019f2f3ec45dde981031deb150e5820e952f2838cd6adafd57dcaa95e8c4c?s=96&d=mm&r=g","contentUrl":"https:\/\/secure.gravatar.com\/avatar\/465019f2f3ec45dde981031deb150e5820e952f2838cd6adafd57dcaa95e8c4c?s=96&d=mm&r=g","caption":"St\u00e9phanie NOUGARET"}}]}},"_links":{"self":[{"href":"https:\/\/www.ffrdiabete.org\/en\/wp-json\/wp\/v2\/posts\/7301","targetHints":{"allow":["GET"]}}],"collection":[{"href":"https:\/\/www.ffrdiabete.org\/en\/wp-json\/wp\/v2\/posts"}],"about":[{"href":"https:\/\/www.ffrdiabete.org\/en\/wp-json\/wp\/v2\/types\/post"}],"author":[{"embeddable":true,"href":"https:\/\/www.ffrdiabete.org\/en\/wp-json\/wp\/v2\/users\/2"}],"replies":[{"embeddable":true,"href":"https:\/\/www.ffrdiabete.org\/en\/wp-json\/wp\/v2\/comments?post=7301"}],"version-history":[{"count":3,"href":"https:\/\/www.ffrdiabete.org\/en\/wp-json\/wp\/v2\/posts\/7301\/revisions"}],"predecessor-version":[{"id":7323,"href":"https:\/\/www.ffrdiabete.org\/en\/wp-json\/wp\/v2\/posts\/7301\/revisions\/7323"}],"wp:featuredmedia":[{"embeddable":true,"href":"https:\/\/www.ffrdiabete.org\/en\/wp-json\/wp\/v2\/media\/7325"}],"wp:attachment":[{"href":"https:\/\/www.ffrdiabete.org\/en\/wp-json\/wp\/v2\/media?parent=7301"}],"wp:term":[{"taxonomy":"category","embeddable":true,"href":"https:\/\/www.ffrdiabete.org\/en\/wp-json\/wp\/v2\/categories?post=7301"},{"taxonomy":"post_tag","embeddable":true,"href":"https:\/\/www.ffrdiabete.org\/en\/wp-json\/wp\/v2\/tags?post=7301"}],"curies":[{"name":"wp","href":"https:\/\/api.w.org\/{rel}","templated":true}]}}